[{"@context":"https:\/\/schema.org\/","@type":"Article","@id":"https:\/\/www.drokar.cz\/tradicni-ozdoby-z-koralku-sezenete-u-selvintech-s-r-o\/#Article","mainEntityOfPage":"https:\/\/www.drokar.cz\/tradicni-ozdoby-z-koralku-sezenete-u-selvintech-s-r-o\/","headline":"Tradi\u010dn\u00ed ozdoby z kor\u00e1lk\u016f se\u017eenete u selvintech s.r.o","name":"Tradi\u010dn\u00ed ozdoby z kor\u00e1lk\u016f se\u017eenete u selvintech s.r.o","description":"Kdy\u017e V\u00e1noce, tak po \u010desku! A rozhodn\u011b si nenechte namluvit, \u017ee n\u011bkde jinde je slav\u00ed l\u00e9pe. V\u017edy\u0165 V\u00e1noce v duchu tradice, na kter\u00e9 \u010dlov\u011bk vyrostl, mu budou v\u017edycky nejbli\u017e\u0161\u00ed, a proto m\u00e1 smysl vsadit na \u010desk\u00e1 tradi\u010dn\u00ed j\u00eddla, na \u010desk\u00e9 zvyky i na \u010desk\u00e9 tradi\u010dn\u00ed ozdoby. Samoz\u0159ejm\u011b, \u017ee v\u0161echny v\u00e1no\u010dn\u00ed zvyky se v pr\u016fb\u011bhu stalet\u00ed [&hellip;]","datePublished":"2018-03-21","dateModified":"2023-11-14","author":{"@type":"Person","@id":"https:\/\/www.drokar.cz\/author\/devene\/#Person","name":"devene","url":"https:\/\/www.drokar.cz\/author\/devene\/","identifier":1,"image":{"@type":"ImageObject","@id":"https:\/\/secure.gravatar.com\/avatar\/89f417dfbb336d235b856435ef935ffa51c2f646edc1f5c4e6fccf32a9c88173?s=96&d=mm&r=g","url":"https:\/\/secure.gravatar.com\/avatar\/89f417dfbb336d235b856435ef935ffa51c2f646edc1f5c4e6fccf32a9c88173?s=96&d=mm&r=g","height":96,"width":96}},"publisher":{"@type":"Organization","name":"drokar.cz","logo":{"@type":"ImageObject","@id":"\/logo.png","url":"\/logo.png","width":600,"height":60}},"image":{"@type":"ImageObject","@id":"https:\/\/www.drokar.cz\/wp-content\/uploads\/img_a313869_w2156_t1524655620.jpg","url":"https:\/\/www.drokar.cz\/wp-content\/uploads\/img_a313869_w2156_t1524655620.jpg","height":0,"width":0},"url":"https:\/\/www.drokar.cz\/tradicni-ozdoby-z-koralku-sezenete-u-selvintech-s-r-o\/","about":["Kr\u00e1sa"],"wordCount":413,"articleBody":"        Kdy\u017e V\u00e1noce, tak po \u010desku! A rozhodn\u011b si nenechte namluvit, \u017ee n\u011bkde jinde je slav\u00ed l\u00e9pe. V\u017edy\u0165 V\u00e1noce v duchu tradice, na kter\u00e9 \u010dlov\u011bk vyrostl, mu budou v\u017edycky nejbli\u017e\u0161\u00ed, a proto m\u00e1 smysl vsadit na \u010desk\u00e1 tradi\u010dn\u00ed j\u00eddla, na \u010desk\u00e9 zvyky i na \u010desk\u00e9 tradi\u010dn\u00ed ozdoby. Samoz\u0159ejm\u011b, \u017ee v\u0161echny v\u00e1no\u010dn\u00ed zvyky se v pr\u016fb\u011bhu stalet\u00ed postupn\u011b vyv\u00edjely, tak\u017ee pokud m\u00e1te z\u00e1jem o \u010desk\u00e9 tradi\u010dn\u00ed V\u00e1noce, kter\u00e9 n\u00e1s u srdce dok\u00e1\u017e\u00ed zah\u0159\u00e1t nejl\u00e9pe, tak si dokonce m\u016f\u017eete vybrat, kter\u00e9 to budou. Variant je hned n\u011bkolik. Sta\u010d\u00ed jen, kdy\u017e se pod\u00edv\u00e1me t\u0159eba na v\u00fdvoj zdoben\u00ed domova a strome\u010dku. Nejprve lid\u00e9 samoz\u0159ejm\u011b vyu\u017e\u00edvali r\u016fzn\u00e9 ozdoby z p\u0159\u00edrodnin. Su\u0161en\u00e9 ovoce jako o\u0159echy a jabl\u00ed\u010dka, slam\u011bn\u00e9 ozdoby, barevn\u00e9 pentle. Nez\u0159\u00eddka je m\u016f\u017eete i dnes naj\u00edt na strome\u010dku v mnoha dom\u00e1cnostech. I strome\u010dek se do \u010desk\u00fdch dom\u00e1cnost\u00ed dostal a\u017e pom\u011brn\u011b pozd\u011b, nicm\u00e9n\u011b lid\u00e9 si tuto tradici velmi obl\u00edbili. Mnoz\u00ed tak posl\u00e9ze za\u010dali strome\u010dky zdobit nejen p\u0159\u00edrodn\u00edmi ozdobami, ale tak\u00e9 ozdobami ze skla. Nejd\u0159\u00edve zde byly jemn\u00e9 a propracovan\u00e9, drobn\u00e9 dekorace z kor\u00e1lk\u016f. Dokonce vznikaly d\u00edlny, kter\u00e9 se na v\u00fdrobu podobn\u00fdch v\u00e1no\u010dn\u00edch ozdob specializovaly a tyto ozdoby se li\u0161ily kraj od kraje. A a\u017e \u00fapln\u011b naposled se do m\u00f3dy dostaly kouli\u010dky, foukan\u00e9 sklen\u011bn\u00e9 ba\u0148ky, pest\u0159e malovan\u00e9. Ty dnes najdeme ve v\u011bt\u0161in\u011b domov\u016f. Ov\u0161em zm\u00edn\u011bn\u00e9 ozdoby z kor\u00e1lk\u016f, kter\u00e9 se \u010dasto objevovaly je\u0161t\u011b v dom\u00e1cnostech na\u0161ich babi\u010dek, tak\u00e9 tak \u00fapln\u011b nezahynuly a postupn\u011b se rok od roku za\u010d\u00ednaj\u00ed znovu vracet do m\u00f3dy. Dokladem jejich \u00fasp\u011bchu je i ru\u010dn\u00ed v\u00fdroba a prodej v\u00e1no\u010dn\u00edch dekorac\u00ed z kor\u00e1lk\u016f, kter\u00e9 prod\u00e1v\u00e1 firma selvintech s.r.o. Jej\u00ed z\u00e1stupci v\u00e1m potvrd\u00ed, \u017ee tyto tradi\u010dn\u00ed \u010desk\u00e9, ru\u010dn\u011b zhotoven\u00e9 ozdoby se t\u011b\u0161\u00ed rostouc\u00ed oblib\u011b, a \u017ee popt\u00e1vka po nich nep\u0159ich\u00e1z\u00ed jen z \u010cech, ale zhusta tak\u00e9 ze zahrani\u010d\u00ed. V jejich elektronick\u00e9m obchod\u011b si tak m\u016f\u017eete zakoupit zm\u00edn\u011bn\u00e9 ozdoby jak pro svou vlastn\u00ed pot\u011bchu, tak jako jedine\u010dn\u00fd d\u00e1rek pro va\u0161e bl\u00edzk\u00e9.                                                                                                                                                                                                                                                                                                                                                                                          5\/5 - (6 votes)        "},{"@context":"https:\/\/schema.org\/","@type":"BreadcrumbList","itemListElement":[{"@type":"ListItem","position":1,"name":"Tradi\u010dn\u00ed ozdoby z kor\u00e1lk\u016f se\u017eenete u selvintech s.r.o","item":"https:\/\/www.drokar.cz\/tradicni-ozdoby-z-koralku-sezenete-u-selvintech-s-r-o\/#breadcrumbitem"}]}]