[{"@context":"https:\/\/schema.org\/","@type":"Article","@id":"https:\/\/www.drokar.cz\/proti-bolestem-hlavy-prirodni-cestou\/#Article","mainEntityOfPage":"https:\/\/www.drokar.cz\/proti-bolestem-hlavy-prirodni-cestou\/","headline":"Proti bolestem hlavy p\u0159\u00edrodn\u00ed cestou","name":"Proti bolestem hlavy p\u0159\u00edrodn\u00ed cestou","description":"Kdy\u017e m\u00e1te nap\u0159. zlomenou nohu, prvotn\u00ed bolest je velik\u00e1, ale pomine, a i se zlomenou nohou si m\u016f\u017eete \u010d\u00edst, sledovat televizi, omezuje V\u00e1s pouze v pohybu, ale ne\u00faprosn\u00e1 bolest hlavy V\u00e1s paralyzuje \u00fapln\u011b, \u017ee se nem\u016f\u017eete soust\u0159edit absolutn\u011b na nic jin\u00e9ho, pokud ale netrp\u00edte p\u0159\u00edmo na migr\u00e9ny, kter\u00e9 se jinak ne\u017e l\u00e9ky zastavit nedaj\u00ed, m\u016f\u017eete [&hellip;]","datePublished":"2020-09-26","dateModified":"2023-05-17","author":{"@type":"Person","@id":"https:\/\/www.drokar.cz\/author\/devene\/#Person","name":"devene","url":"https:\/\/www.drokar.cz\/author\/devene\/","identifier":1,"image":{"@type":"ImageObject","@id":"https:\/\/secure.gravatar.com\/avatar\/89f417dfbb336d235b856435ef935ffa51c2f646edc1f5c4e6fccf32a9c88173?s=96&d=mm&r=g","url":"https:\/\/secure.gravatar.com\/avatar\/89f417dfbb336d235b856435ef935ffa51c2f646edc1f5c4e6fccf32a9c88173?s=96&d=mm&r=g","height":96,"width":96}},"publisher":{"@type":"Organization","name":"drokar.cz","logo":{"@type":"ImageObject","@id":"\/logo.png","url":"\/logo.png","width":600,"height":60}},"url":"https:\/\/www.drokar.cz\/proti-bolestem-hlavy-prirodni-cestou\/","about":["Lifestyle"],"wordCount":464,"articleBody":"Kdy\u017e m\u00e1te nap\u0159. zlomenou nohu, prvotn\u00ed bolest je velik\u00e1, ale pomine, a i se zlomenou nohou si m\u016f\u017eete \u010d\u00edst, sledovat televizi, omezuje V\u00e1s pouze v pohybu, ale ne\u00faprosn\u00e1 bolest hlavy V\u00e1s paralyzuje \u00fapln\u011b, \u017ee se nem\u016f\u017eete soust\u0159edit absolutn\u011b na nic jin\u00e9ho, pokud ale netrp\u00edte p\u0159\u00edmo na migr\u00e9ny, kter\u00e9 se jinak ne\u017e l\u00e9ky zastavit nedaj\u00ed, m\u016f\u017eete hlav\u011b pomoci i p\u0159\u00edrodn\u00ed cestou, ne\u017e hned s\u00e1hnout po pr\u00e1\u0161c\u00edch.Bolesti hlavy si toti\u017e p\u0159ev\u00e1\u017en\u011b zp\u016fsobujeme sami sv\u00fdm stylem \u017eivota, v pr\u00e1ci \u0159e\u0161\u00edme n\u011bkolik v\u011bc\u00ed najednou, do toho se n\u00e1m v hlav\u011b vyno\u0159uj\u00ed my\u0161lenky ohledn\u011b d\u011bt\u00ed, cel\u00fd den v\u011bt\u0161inou prosed\u00edme u po\u010d\u00edta\u010de, roz\u010dilujeme se nad mali\u010dkostmi a m\u00e1lo pijeme, bolest\u00ed hlavy n\u00e1m t\u011blo d\u00e1v\u00e1 sign\u00e1l, \u017ee je t\u0159eba s t\u00edm n\u011bco ud\u011blat, p\u0159edev\u0161\u00edm zvolnit a nau\u010dit se pravideln\u011b relaxovat.Mohou n\u00e1m pomoci bylinky i takov\u00fd mal\u00fd dom\u00e1c\u00ed relaxa\u010dn\u00ed wellness:Medu\u0148ka&ndash; tato bylina zklid\u0148uje, uvol\u0148uje, je ide\u00e1ln\u00ed p\u0159i bolestech hlavy z nervov\u00e9ho nap\u011bt\u00ed, odbour\u00e1v\u00e1 stres, tak\u00e9 mimo jin\u00e9 zklid\u0148uje podr\u00e1\u017ed\u011bn\u00fd tr\u00e1vic\u00ed trakt, kter\u00fd se ve stresu k bolestem hlavy m\u016f\u017ee p\u0159idat, pom\u00e1h\u00e1, pokud m\u00e1te probl\u00e9my se sp\u00e1nkemM\u00e1ta&ndash; doporu\u010duje se p\u0159i bolestech hlavy a tak\u00e9 p\u0159i k\u0159e\u010d\u00edch, zm\u00edr\u0148uje bolesti, nav\u00edc tak\u00e9 podporuje tr\u00e1ven\u00ed.L\u00edpa&ndash; ne nadarmo se j\u00ed \u0159\u00edk\u00e1 strom \u017eivota, uklid\u0148uje, uvol\u0148uje a m\u00e1 i protik\u0159e\u010dov\u00e9 \u00fa\u010dinky, k\u016fra z l\u00edpy m\u016f\u017ee pomoci i p\u0159i migr\u00e9n\u00e1ch. Je v\u00fdborn\u00fdm pomocn\u00edkem p\u0159i \u00fazkostech a nervozit\u011b, pom\u00e1h\u00e1 i p\u0159i poruch\u00e1ch sp\u00e1nku stejn\u011b jako medu\u0148ka.Bazalka&ndash; posiluje nervov\u00fd syst\u00e9m, m\u00edrn\u00ed bolesti hlavy, doporu\u010duje se p\u0159i nervov\u00e9m vy\u010derp\u00e1n\u00ed, \u00fanav\u011b, jako vonnou esenci si ji m\u016f\u017eete d\u00e1t do aromalampy nebo do koupele.Jak si ud\u011blat mal\u00fd dom\u00e1c\u00ed wellness:&#8211;&nbsp;&nbsp;&nbsp;&nbsp;&nbsp;&nbsp;&nbsp; ide\u00e1ln\u00ed pro to je, pokud m\u00e1te vanu, ale d\u00e1 se dob\u0159e ud\u011blat i ve spr\u0161e, sta\u010d\u00ed do l\u00e1zn\u011b p\u0159idat bylinnou esenci, pokud m\u00e1te sprchu, m\u016f\u017ee V\u00e1m k odstran\u011bn\u00ed bolesti hlavy pomoci vo\u0148av\u00fd olej s esenc\u00ed bylinek&#8211;&nbsp;&nbsp;&nbsp;&nbsp;&nbsp;&nbsp;&nbsp; v\u00fdborn\u00e1 je tak\u00e9 aromalampa s vonnou esenc\u00ed z n\u011bkter\u00e9 z v\u00fd\u0161e zmi\u0148ovan\u00fdch bylinek a relaxa\u010dn\u00ed hudba, k tomu m\u016f\u017eete pop\u00edjet bylinkov\u00fd \u010daj.                                                                                                                                                                                                                                                                                                                                                                                        4.3\/5 - (10 votes)        "},{"@context":"https:\/\/schema.org\/","@type":"BreadcrumbList","itemListElement":[{"@type":"ListItem","position":1,"name":"Proti bolestem hlavy p\u0159\u00edrodn\u00ed cestou","item":"https:\/\/www.drokar.cz\/proti-bolestem-hlavy-prirodni-cestou\/#breadcrumbitem"}]}]