[{"@context":"https:\/\/schema.org\/","@type":"Article","@id":"https:\/\/www.drokar.cz\/pekne-zuby\/#Article","mainEntityOfPage":"https:\/\/www.drokar.cz\/pekne-zuby\/","headline":"P\u011bkn\u00e9 zuby","name":"P\u011bkn\u00e9 zuby","description":"Opravdu nezn\u00e1m \u010dlov\u011bka, kter\u00fd by si nep\u0159\u00e1l m\u00edt opravdu p\u011bkn\u00e9 zuby. A j\u00e1 pat\u0159\u00edm k t\u011bm lidem, kte\u0159\u00ed by cht\u011bli m\u00edt v\u00e1\u017en\u011b p\u011bkn\u00e9 a zdrav\u00e9 zuby, skoro jako perli\u010dky. Tedy sice ne \u00fapln\u011b poka\u017ed\u00e9. Proto\u017ee si vzpom\u00edn\u00e1m, \u017ee jsem se o sv\u00e9 zuby za\u010dala starat, kdy\u017e mi bylo asi sedmn\u00e1ct anebo osmn\u00e1ct let. V\u016fbec jsem [&hellip;]","datePublished":"2023-02-10","dateModified":"2023-05-17","author":{"@type":"Person","@id":"https:\/\/www.drokar.cz\/author\/devene\/#Person","name":"devene","url":"https:\/\/www.drokar.cz\/author\/devene\/","identifier":1,"image":{"@type":"ImageObject","@id":"https:\/\/secure.gravatar.com\/avatar\/89f417dfbb336d235b856435ef935ffa51c2f646edc1f5c4e6fccf32a9c88173?s=96&d=mm&r=g","url":"https:\/\/secure.gravatar.com\/avatar\/89f417dfbb336d235b856435ef935ffa51c2f646edc1f5c4e6fccf32a9c88173?s=96&d=mm&r=g","height":96,"width":96}},"publisher":{"@type":"Organization","name":"drokar.cz","logo":{"@type":"ImageObject","@id":"\/logo.png","url":"\/logo.png","width":600,"height":60}},"image":{"@type":"ImageObject","@id":"https:\/\/www.drokar.cz\/wp-content\/uploads\/fantasy-2748828_960_720_1.jpg","url":"https:\/\/www.drokar.cz\/wp-content\/uploads\/fantasy-2748828_960_720_1.jpg","height":0,"width":0},"url":"https:\/\/www.drokar.cz\/pekne-zuby\/","about":["Firmy"],"wordCount":425,"articleBody":"       Opravdu nezn\u00e1m \u010dlov\u011bka, kter\u00fd by si nep\u0159\u00e1l m\u00edt opravdu p\u011bkn\u00e9 zuby. A j\u00e1 pat\u0159\u00edm k t\u011bm lidem, kte\u0159\u00ed by cht\u011bli m\u00edt v\u00e1\u017en\u011b p\u011bkn\u00e9 a zdrav\u00e9 zuby, skoro jako perli\u010dky. Tedy sice ne \u00fapln\u011b poka\u017ed\u00e9. Proto\u017ee si vzpom\u00edn\u00e1m, \u017ee jsem se o sv\u00e9 zuby za\u010dala starat, kdy\u017e mi bylo asi sedmn\u00e1ct anebo osmn\u00e1ct let. V\u016fbec jsem d\u0159\u00edve nad t\u00edm nep\u0159em\u00fd\u0161lela, \u017ee n\u011bkdo m\u016f\u017ee m\u00edt tak\u00e9 lep\u0161\u00ed zuby. Tuhle touhu za b\u00edl\u00fdmi a zdrav\u00fdmi zuby mi odstartovala jedna moje spolu\u017ea\u010dka, kter\u00e1 se p\u0159est\u011bhovala k n\u00e1m do m\u011bsta. Tak\u017ee ona logicky chodila je\u0161t\u011b do jin\u00e9 \u0161koly, tak\u017ee jsem j\u00ed je\u0161t\u011b v\u016fbec neznala. A stejn\u011b tak jako zbytek t\u0159\u00eddy. A proto, kdy\u017e se spolu\u017ea\u010dka p\u0159ist\u011bhovala do na\u0161eho m\u011bsta, tak samoz\u0159ejm\u011b taky nastoupila do na\u0161\u00ed \u0161koly. A jako prvn\u00ed m\u011b na n\u00ed ihned za ud\u011blal fakt, \u017ee m\u011bla opravdu kr\u00e1sn\u00e9 rovn\u00e9, a hlavn\u011b b\u00edl\u00e9 zuby. \u0158\u00edkala jsem si, \u017ee takhle bych to cht\u011bla m\u00edt taky. A bylo to na st\u0159edn\u00ed \u0161kole a j\u00e1 jsem se zeptala sv\u00e9 maminky, co m\u00e1m ud\u011blat, bych taky tak m\u011bla p\u011bkn\u00e9 zuby. Moje m\u00e1ma mi \u0159ekla, \u017ee v prvn\u00ed \u0159ad\u011b si mus\u00edm zuby opravdu pe\u010dliv\u011b \u010distit, aby byly hlavn\u011b zdrav\u00e9. A potom, pokud bych cht\u011bla, tak mohu nav\u0161t\u00edvit zubn\u00ed kliniku v Praze, kde se m\u016f\u017eu dozv\u011bd\u011bt v\u00edce informac\u00ed o tom, abych m\u011bla lep\u0161\u00ed zuby.A pod\u00edvala jsem se rad\u011bji na webov\u00e9 str\u00e1nky clinicplus.cz, kde jsem se dozv\u011bd\u011bla opravdu mnoho informac\u00ed o zubn\u00ed klinice v Praze. Najdete tady taky kontakt, kam byste se mohli objednat. Jsou tady tak\u00e9 r\u016fzn\u00e9 specializace anebo tak\u00e9 cen\u00edk. Opravdu hodn\u011b m\u011b zaj\u00edmal taky profil Clinic, kde jsem se pod\u00edvala na t\u00fdm, kter\u00fd se star\u00e1 o va\u0161e zuby. Jsou tady tak\u00e9 nav\u00edc akce a odborn\u00e9 \u010dl\u00e1nky, tak\u017ee se taky m\u016f\u017eete p\u0159e\u010d\u00edst r\u016fzn\u00e9 \u010dl\u00e1nky o tom, jak se starat o sv\u00e9 d\u00e1sn\u011b a taky chrup, aby byly zdrav\u00e9 a kr\u00e1sn\u00e9 na pohled. V zubn\u00ed klinice v Praze je opravdu profesion\u00e1ln\u00ed t\u00fdm. Tak se nemus\u00edte v\u016fbec ni\u010deho b\u00e1t, budete v dobr\u00fdch rukou.                                                                                                                                                                                                                                                                                                                                                                                          4\/5 - (7 votes)        "},{"@context":"https:\/\/schema.org\/","@type":"BreadcrumbList","itemListElement":[{"@type":"ListItem","position":1,"name":"P\u011bkn\u00e9 zuby","item":"https:\/\/www.drokar.cz\/pekne-zuby\/#breadcrumbitem"}]}]