[{"@context":"https:\/\/schema.org\/","@type":"Article","@id":"https:\/\/www.drokar.cz\/hrozici-upadek-spolecnosti\/#Article","mainEntityOfPage":"https:\/\/www.drokar.cz\/hrozici-upadek-spolecnosti\/","headline":"Hroz\u00edc\u00ed \u00fapadek spole\u010dnosti","name":"Hroz\u00edc\u00ed \u00fapadek spole\u010dnosti","description":"Do\u0161li jsme ke zji\u0161t\u011bn\u00ed, \u017ee na\u0161e spole\u010dnost a jej\u00ed prezentace navenek stagnuje a pr\u016fzkum n\u00e1kupn\u00edho chov\u00e1n\u00ed z\u00e1kazn\u00edk\u016f n\u00e1m uk\u00e1zal, \u017ee p\u0159ich\u00e1z\u00edme o velk\u00e9 mno\u017estv\u00ed z\u00e1kazn\u00edk\u016f jen proto, \u017ee na z\u00e1kazn\u00edky i p\u0159es na\u0161i dlouholetou tradici p\u016fsob\u00edme ne p\u0159\u00edli\u0161 d\u016fv\u011bryhodn\u011b. Zji\u0161\u0165ovali jsme si i p\u0159\u00ed\u010dinu, pro\u010d takto p\u016fsob\u00edme. Na\u0161e zji\u0161t\u011bn\u00ed n\u00e1s inspirovalo k n\u00e1prav\u011b. D\u016fvodem ztr\u00e1ty [&hellip;]","datePublished":"2024-12-14","dateModified":"2024-12-14","author":{"@type":"Person","@id":"https:\/\/www.drokar.cz\/author\/devene\/#Person","name":"devene","url":"https:\/\/www.drokar.cz\/author\/devene\/","identifier":1,"image":{"@type":"ImageObject","@id":"https:\/\/secure.gravatar.com\/avatar\/89f417dfbb336d235b856435ef935ffa51c2f646edc1f5c4e6fccf32a9c88173?s=96&d=mm&r=g","url":"https:\/\/secure.gravatar.com\/avatar\/89f417dfbb336d235b856435ef935ffa51c2f646edc1f5c4e6fccf32a9c88173?s=96&d=mm&r=g","height":96,"width":96}},"publisher":{"@type":"Organization","name":"drokar.cz","logo":{"@type":"ImageObject","@id":"\/logo.png","url":"\/logo.png","width":600,"height":60}},"url":"https:\/\/www.drokar.cz\/hrozici-upadek-spolecnosti\/","wordCount":212,"articleBody":"Do\u0161li jsme ke zji\u0161t\u011bn\u00ed, \u017ee na\u0161e spole\u010dnost a jej\u00ed prezentace navenek stagnuje a pr\u016fzkum n\u00e1kupn\u00edho chov\u00e1n\u00ed z\u00e1kazn\u00edk\u016f n\u00e1m uk\u00e1zal, \u017ee p\u0159ich\u00e1z\u00edme o velk\u00e9 mno\u017estv\u00ed z\u00e1kazn\u00edk\u016f jen proto, \u017ee na z\u00e1kazn\u00edky i p\u0159es na\u0161i dlouholetou tradici p\u016fsob\u00edme ne p\u0159\u00edli\u0161 d\u016fv\u011bryhodn\u011b. Zji\u0161\u0165ovali jsme si i p\u0159\u00ed\u010dinu, pro\u010d takto p\u016fsob\u00edme. Na\u0161e zji\u0161t\u011bn\u00ed n\u00e1s inspirovalo k n\u00e1prav\u011b. D\u016fvodem ztr\u00e1ty z\u00e1kazn\u00edk\u016f byla nedostate\u010dn\u00e1 fyzick\u00e1 prezentace spole\u010dnosti. Velmi p\u0159\u00ednosn\u00e9 rozhodnut\u00ed Rozhodli jsme se tento probl\u00e9m vy\u0159e\u0161it a objednali si reklamn\u00ed textil, kter\u00fd jsme do t\u00e9 doby k na\u0161\u00ed prezentaci nevyu\u017e\u00edvali. Zam\u011bstnanci dostali firemn\u00ed tri\u010dka jako pracovn\u00ed oble\u010den\u00ed i pro sv\u00e9 rodinn\u00e9 p\u0159\u00edslu\u0161n\u00edky jako zam\u011bstnaneck\u00fd bonus. D\u00e1le jsme jako projev ekologie nab\u00eddli z\u00e1kazn\u00edk\u016fm mo\u017enost vyu\u017eit\u00ed propaga\u010dn\u00edch l\u00e1tkov\u00fdch ta\u0161ek k odnesen\u00ed sv\u00e9ho n\u00e1kupu a zdarma nav\u00edc k\u0161iltovku. V\u0161e s firemn\u00edm logem a na\u0161e d\u016fv\u011bryhodnost v o\u010d\u00edch z\u00e1kazn\u00edk\u016f ihned stoupla.                                                                                                                                                                                                                                                                                                                                                                                        4\/5 - (2 votes)        "},{"@context":"https:\/\/schema.org\/","@type":"BreadcrumbList","itemListElement":[{"@type":"ListItem","position":1,"name":"Hroz\u00edc\u00ed \u00fapadek spole\u010dnosti","item":"https:\/\/www.drokar.cz\/hrozici-upadek-spolecnosti\/#breadcrumbitem"}]}]