[{"@context":"https:\/\/schema.org\/","@type":"Article","@id":"https:\/\/www.drokar.cz\/drevena-okna\/#Article","mainEntityOfPage":"https:\/\/www.drokar.cz\/drevena-okna\/","headline":"D\u0159ev\u011bn\u00e1 okna","name":"D\u0159ev\u011bn\u00e1 okna","description":"I v dne\u0161n\u00ed modern\u00ed dob\u011b jsou d\u0159ev\u011bn\u00e1 okna v\u00fdrobkem, kter\u00fd \u010ce\u0161i vyhled\u00e1vaj\u00ed a neboj\u00ed se jej aplikovat ani do pasivn\u00edch dom\u016f, n\u00edzkoenergetick\u00fdch staveb nebo velk\u00fdch firemn\u00edch komplex\u016f. Pro\u010d taky, kdy\u017e v kombinaci s dne\u0161n\u00edmi modern\u00edmi technologiemi jde o produkt, kter\u00fd je v mnoh\u00fdch ohledech kvalitn\u00ed a pro takov\u00e9 pou\u017eit\u00ed tak\u00e9 vhodn\u00fd. D\u0159ev\u011bn\u00e1 okna maj\u00ed mnoho [&hellip;]","datePublished":"2025-05-01","dateModified":"2025-05-01","author":{"@type":"Person","@id":"https:\/\/www.drokar.cz\/author\/devene\/#Person","name":"devene","url":"https:\/\/www.drokar.cz\/author\/devene\/","identifier":1,"image":{"@type":"ImageObject","@id":"https:\/\/secure.gravatar.com\/avatar\/89f417dfbb336d235b856435ef935ffa51c2f646edc1f5c4e6fccf32a9c88173?s=96&d=mm&r=g","url":"https:\/\/secure.gravatar.com\/avatar\/89f417dfbb336d235b856435ef935ffa51c2f646edc1f5c4e6fccf32a9c88173?s=96&d=mm&r=g","height":96,"width":96}},"publisher":{"@type":"Organization","name":"drokar.cz","logo":{"@type":"ImageObject","@id":"\/logo.png","url":"\/logo.png","width":600,"height":60}},"url":"https:\/\/www.drokar.cz\/drevena-okna\/","wordCount":206,"articleBody":"I v dne\u0161n\u00ed modern\u00ed dob\u011b jsou d\u0159ev\u011bn\u00e1 okna v\u00fdrobkem, kter\u00fd \u010ce\u0161i vyhled\u00e1vaj\u00ed a neboj\u00ed se jej aplikovat ani do pasivn\u00edch dom\u016f, n\u00edzkoenergetick\u00fdch staveb nebo velk\u00fdch firemn\u00edch komplex\u016f. Pro\u010d taky, kdy\u017e v kombinaci s dne\u0161n\u00edmi modern\u00edmi technologiemi jde o produkt, kter\u00fd je v mnoh\u00fdch ohledech kvalitn\u00ed a pro takov\u00e9 pou\u017eit\u00ed tak\u00e9 vhodn\u00fd. D\u0159ev\u011bn\u00e1 okna maj\u00ed mnoho p\u0159ednost\u00ed. Jednak jsou vyr\u00e1b\u011bna z p\u0159\u00edrodn\u00edho materi\u00e1lu, kter\u00fd jednodu\u0161e \u017e\u00e1dn\u00fd jin\u00fd nenahrad\u00ed. Maj\u00ed proto vysok\u00fd estetick\u00fd vzhled, lze je snadno opravit, obnovit jejich n\u00e1t\u011br a i za n\u011bkolik let budou vypadat v\u00fdborn\u011b. Maj\u00ed tak\u00e9 ale vysok\u00e9 izola\u010dn\u00ed a tepeln\u00e9 vlastnosti. Skute\u010dn\u011b. V\u00fdroba na m\u00edru! D\u0159ev\u011bn\u00e1 okna stejn\u011b jako jin\u00e9 typy se vyr\u00e1b\u011bj\u00ed na m\u00edru. Lze tedy vyhov\u011bt skute\u010dn\u011b ka\u017ed\u00e9mu po\u017eadavku a nemus\u00edte se ob\u00e1vat \u017e\u00e1dn\u00fdch nedostatk\u016f. D\u00edky speci\u00e1ln\u00ed v\u00fdztu\u017ei nehroz\u00ed ani jejich kroucen\u00ed nebo jin\u00e9 tvarov\u00e9 deformace, na kter\u00e9 si pamatujeme z dob minul\u00fdch, nebo\u0165 to byl hlavn\u00ed neduh t\u011bchto oken, kter\u00e1 si v\u0161ichni pamatujeme. Dnes to neplat\u00ed.                                                                                                                                                                                                                                                                                                                                                                                                "},{"@context":"https:\/\/schema.org\/","@type":"BreadcrumbList","itemListElement":[{"@type":"ListItem","position":1,"name":"D\u0159ev\u011bn\u00e1 okna","item":"https:\/\/www.drokar.cz\/drevena-okna\/#breadcrumbitem"}]}]