[{"@context":"https:\/\/schema.org\/","@type":"Article","@id":"https:\/\/www.drokar.cz\/dokonale-obleceni-na-doma\/#Article","mainEntityOfPage":"https:\/\/www.drokar.cz\/dokonale-obleceni-na-doma\/","headline":"Dokonal\u00e9 oble\u010den\u00ed na doma","name":"Dokonal\u00e9 oble\u010den\u00ed na doma","description":"Po p\u0159\u00edchodu dom\u016f (z pr\u00e1ce nebo ze \u0161koly), si v\u0161ichni r\u00e1di obl\u00e9kneme n\u011bco pohodln\u00e9ho, co u\u017e nen\u00ed tak form\u00e1ln\u00ed a p\u016fsob\u00ed jako oble\u010den\u00ed na doma. V letn\u00edm obdob\u00ed je samoz\u0159ejm\u011b nejlep\u0161\u00ed, pokud m\u00e1 co nejm\u00e9n\u011b materi\u00e1lu a \u0159ada lid\u00ed se proch\u00e1z\u00ed v byt\u011b nebo dom\u011b doslova \u201ena Adama a na Evu\u201c. Co se v\u0161ak t\u00fd\u010de [&hellip;]","datePublished":"2023-05-17","dateModified":"2023-05-17","author":{"@type":"Person","@id":"https:\/\/www.drokar.cz\/author\/devene\/#Person","name":"devene","url":"https:\/\/www.drokar.cz\/author\/devene\/","identifier":1,"image":{"@type":"ImageObject","@id":"https:\/\/secure.gravatar.com\/avatar\/89f417dfbb336d235b856435ef935ffa51c2f646edc1f5c4e6fccf32a9c88173?s=96&d=mm&r=g","url":"https:\/\/secure.gravatar.com\/avatar\/89f417dfbb336d235b856435ef935ffa51c2f646edc1f5c4e6fccf32a9c88173?s=96&d=mm&r=g","height":96,"width":96}},"publisher":{"@type":"Organization","name":"drokar.cz","logo":{"@type":"ImageObject","@id":"\/logo.png","url":"\/logo.png","width":600,"height":60}},"image":{"@type":"ImageObject","@id":"https:\/\/www.drokar.cz\/wp-content\/uploads\/img_a329161_w1965_t1541499301.jpg","url":"https:\/\/www.drokar.cz\/wp-content\/uploads\/img_a329161_w1965_t1541499301.jpg","height":0,"width":0},"url":"https:\/\/www.drokar.cz\/dokonale-obleceni-na-doma\/","wordCount":467,"articleBody":"Po p\u0159\u00edchodu dom\u016f (z pr\u00e1ce nebo ze \u0161koly), si v\u0161ichni r\u00e1di obl\u00e9kneme n\u011bco pohodln\u00e9ho, co u\u017e nen\u00ed tak form\u00e1ln\u00ed a p\u016fsob\u00ed jako oble\u010den\u00ed na doma. V letn\u00edm obdob\u00ed je samoz\u0159ejm\u011b nejlep\u0161\u00ed, pokud m\u00e1 co nejm\u00e9n\u011b materi\u00e1lu a \u0159ada lid\u00ed se proch\u00e1z\u00ed v byt\u011b nebo dom\u011b doslova \u201ena Adama a na Evu\u201c.\tCo se v\u0161ak t\u00fd\u010de zimn\u00edho obdob\u00ed, kter\u00e9 b\u00fdv\u00e1 zpravidla dlouh\u00e9 a studen\u00e9, je pot\u0159eba m\u00edt na sob\u011b i v dom\u011b, kde je teplo \u2013 n\u011bjak\u00fd druh h\u0159ejiv\u00e9ho a p\u0159\u00edjemn\u00e9ho oble\u010den\u00ed.\t\t\u25aa\u00a0\u00a0\u00a0\u00a0\u00a0\u00a0\u00a0 \u017dUPAN \u2013 BEZ N\u011aHO ANI KROK\tJist\u011b zn\u00e1te ten pocit, kter\u00fd v\u00e1s zas\u00e1hne po vystoupen\u00ed z va\u0161\u00ed vyh\u0159\u00e1t\u00e9 vany nebo sprchov\u00e9ho koutu. Je to pocit chladu a zimy a jedin\u00e9 \u0159e\u0161en\u00ed, jak se m\u016f\u017eete zachr\u00e1nit, je co nejrychleji se zabalit od hlavy a\u017e k pat\u011b do tepl\u00e9ho a chlupat\u00e9ho \u017eupanu.\tSe\u017eenete ho v r\u016fzn\u00e9 d\u00e9lce a takt\u00e9\u017e i v materi\u00e1lu. Pokud v\u0161ak chcete poc\u00edtit, jak\u00fd je to pocit obl\u00e9knout se do luxusu, zvolte rad\u011bji del\u0161\u00ed a co nejv\u00edce tlust\u00fd a hu\u0148at\u00fd.\t\t\u25aa\u00a0\u00a0\u00a0\u00a0\u00a0\u00a0\u00a0 BA\u010cKORY \u2013 V\u017dDY POT\u011a\u0160\u00cd\tOd nohou jde zpravidla ta nejv\u011bt\u0161\u00ed zima a v\u017edy pokud ji poc\u00edt\u00edme, je na vin\u011b pravd\u011bpodobn\u011b to, \u017ee na nich nem\u00e1me ba\u010dkory. Jestli jste \u0161ikovn\u00ed, m\u016f\u017eete si jich sami upl\u00e9st z vysoce kvalitn\u00ed a h\u0159ejiv\u00e9 vlny, kter\u00e1 je nejen trendy, ale spln\u00ed i sv\u016fj \u00fa\u010del.\tA pokud d\u00e1v\u00e1te p\u0159ednost u\u017e hotov\u00fdm, kter\u00e9 lze zakoupit, v sou\u010dasnosti natref\u00edte na velk\u00e9 mno\u017estv\u00ed motiv\u016f, \u017eensk\u00fdch a roztomil\u00fdch st\u0159ih\u016f a samoz\u0159ejm\u011b i dobov\u00fdch proveden\u00edch.\t\u25aa\u00a0\u00a0\u00a0\u00a0\u00a0\u00a0\u00a0 OVERALY \u2013 NA ZIMU IDE\u00c1LN\u00cd OBLE\u010cEN\u00cd NA DOMA\tA neplat\u00ed to v\u016fbec pouze pro \u017eeny. Na trhu nalezete velk\u00e9 mno\u017estv\u00ed overal\u016f, kter\u00e9 jsou ur\u010den\u00e9 i pro mu\u017ee. Jsou vyroben\u00e9 z tepl\u00e9ho materi\u00e1lu, jak\u00fdm je ply\u0161 nebo fleece, kter\u00fd v\u00e1s dokonale oh\u0159eje, zachuml\u00e1 cel\u00e9 va\u0161e t\u011blo a postar\u00e1 se o to, aby v\u00e1m nikde nebyla zima.\t\t\u25aa\u00a0\u00a0\u00a0\u00a0\u00a0\u00a0\u00a0 DEKA \u2013 NA ZAH\u0158\u00c1T\u00cd I NA OBLE\u010cEN\u00cd\tV zim\u011b je deka v ka\u017ed\u00e9 dom\u00e1cnosti \u2013 v\u017edy n\u011bkde po ruce. Obzvl\u00e1\u0161t\u011b p\u0159i ve\u010dern\u00ed pohod\u011b u televize, kdy se chcete uvelebit do tepl\u00e9ho materi\u00e1lu a ne\u0159e\u0161it to, kolik je venku stup\u0148\u016f.\tKrom\u011b ty klasick\u00e9, kterou se pouze zakryjete, existuj\u00ed i navl\u00e9kac\u00ed, kter\u00e9 maj\u00ed ruk\u00e1vy a umo\u017en\u00ed v\u00e1m daleko v\u00edce pohybu a prostoru k va\u0161im aktivit\u00e1m, v\u010detn\u011b j\u00eddla nebo pit\u00ed tepl\u00e9ho \u010daje.                                                                                                                                                                                                                                                                                                                                                                                        4.7\/5 - (3 votes)        "},{"@context":"https:\/\/schema.org\/","@type":"BreadcrumbList","itemListElement":[{"@type":"ListItem","position":1,"name":"Dokonal\u00e9 oble\u010den\u00ed na doma","item":"https:\/\/www.drokar.cz\/dokonale-obleceni-na-doma\/#breadcrumbitem"}]}]