[{"@context":"https:\/\/schema.org\/","@type":"Article","@id":"https:\/\/www.drokar.cz\/budete-zde-plni-dojmu\/#Article","mainEntityOfPage":"https:\/\/www.drokar.cz\/budete-zde-plni-dojmu\/","headline":"Budete zde plni dojm\u016f","name":"Budete zde plni dojm\u016f","description":"Je tu opravdu kr\u00e1sn\u011b Nev\u00edte kam na dovolenou? P\u0159ije\u010fte k n\u00e1m Chorvatsko, Chorvatsko apartm\u00e1ny, bl\u00edzko \u010cern\u00e9 hory. Zde uv\u00edt\u00e1te kr\u00e1sn\u011b \u010dist\u00fd vzduch, p\u0159\u00edrodu, kter\u00e1 ve v\u00e1s vyvol\u00e1 pocit klidu. N\u00e1dhern\u00fd pohled na Jadersk\u00e9 mo\u0159e, kter\u00e9 se nach\u00e1z\u00ed kousek od va\u0161eho ubytov\u00e1n\u00ed. Snad v\u00e1s ani nep\u0159ekvap\u00ed, \u017ee i na\u0161e apartm\u00e1 jsou pohodln\u011b a hlavn\u011b modern\u011b vybaveny. [&hellip;]","datePublished":"2024-12-27","dateModified":"2024-12-27","author":{"@type":"Person","@id":"https:\/\/www.drokar.cz\/author\/devene\/#Person","name":"devene","url":"https:\/\/www.drokar.cz\/author\/devene\/","identifier":1,"image":{"@type":"ImageObject","@id":"https:\/\/secure.gravatar.com\/avatar\/89f417dfbb336d235b856435ef935ffa51c2f646edc1f5c4e6fccf32a9c88173?s=96&d=mm&r=g","url":"https:\/\/secure.gravatar.com\/avatar\/89f417dfbb336d235b856435ef935ffa51c2f646edc1f5c4e6fccf32a9c88173?s=96&d=mm&r=g","height":96,"width":96}},"publisher":{"@type":"Organization","name":"drokar.cz","logo":{"@type":"ImageObject","@id":"\/logo.png","url":"\/logo.png","width":600,"height":60}},"url":"https:\/\/www.drokar.cz\/budete-zde-plni-dojmu\/","wordCount":193,"articleBody":" Je tu opravdu kr\u00e1sn\u011b Nev\u00edte kam na dovolenou? P\u0159ije\u010fte k n\u00e1m Chorvatsko, Chorvatsko apartm\u00e1ny, bl\u00edzko \u010cern\u00e9 hory. Zde uv\u00edt\u00e1te kr\u00e1sn\u011b \u010dist\u00fd vzduch, p\u0159\u00edrodu, kter\u00e1 ve v\u00e1s vyvol\u00e1 pocit klidu. N\u00e1dhern\u00fd pohled na Jadersk\u00e9 mo\u0159e, kter\u00e9 se nach\u00e1z\u00ed kousek od va\u0161eho ubytov\u00e1n\u00ed. Snad v\u00e1s ani nep\u0159ekvap\u00ed, \u017ee i na\u0161e apartm\u00e1 jsou pohodln\u011b a hlavn\u011b modern\u011b vybaveny.  Chorvatsko m\u00e1 co nab\u00eddnout Ka\u017ed\u00fd den pro v\u00e1s bude jedine\u010dn\u00fd n\u011b\u010d\u00edm jin\u00fdm. Nestane se v\u00e1m, \u017ee byste se nudili, ba naopak. M\u016f\u017eeme v\u00e1m nab\u00eddnout mnoho aktivit a i v\u00fdlet\u016f, ale pokud o n\u011b nestoj\u00edte, m\u016f\u017eete pouze relaxovat. Chorvatsko apartm\u00e1ny v\u00e1m nab\u00eddne v\u0161e, co si budete p\u0159\u00e1t. Nav\u0161tivte n\u00e1s a neprohloup\u00edte Chorvatsko apartm\u00e1ny v\u00e1m m\u016f\u017eeme jen doporu\u010dit a my douf\u00e1me, \u017ee n\u00e1s poct\u00edte svou n\u00e1v\u0161t\u011bvou. V\u011b\u0159\u00edme, \u017ee s na\u0161\u00ed nab\u00eddkou budete spokojeni a vyberete si n\u011bco, co v\u00e1m padne jako nov\u00e9 boty.                                                                                                                                                                                                                                                                                                                                                                                        3\/5 - (1 vote)        "},{"@context":"https:\/\/schema.org\/","@type":"BreadcrumbList","itemListElement":[{"@type":"ListItem","position":1,"name":"Budete zde plni dojm\u016f","item":"https:\/\/www.drokar.cz\/budete-zde-plni-dojmu\/#breadcrumbitem"}]}]